{"id":2975,"date":"2022-02-22T10:11:20","date_gmt":"2022-02-22T09:11:20","guid":{"rendered":"http:\/\/risikodi.goeasttest.cloud\/?p=2975"},"modified":"2022-02-22T10:14:05","modified_gmt":"2022-02-22T09:14:05","slug":"2975","status":"publish","type":"post","link":"https:\/\/www.risiko-dialog.ch\/fr\/2975\/","title":{"rendered":"Technologies \u00e0 \u00e9missions n\u00e9gatives : En visite chez Neustark avec la conseill\u00e8re f\u00e9d\u00e9rale Simonetta Sommaruga"},"content":{"rendered":"<p><strong>Notre directeur Matthias Holenstein a accompagn\u00e9 la conseill\u00e8re f\u00e9d\u00e9rale Sommaruga et une d\u00e9l\u00e9gation de politiciens lors de la visite de la <a href=\"https:\/\/de.neustark.com\/\">spin-off de l&rsquo;EPFZ Neustark<\/a>. Le grand int\u00e9r\u00eat port\u00e9 aux technologies d&rsquo;\u00e9missions n\u00e9gatives souligne l&rsquo;importance de la <a href=\"https:\/\/www.carbon-removal.ch\/de\/\">Plateforme Swiss Carbon Removal<\/a> que nous avons r\u00e9cemment lanc\u00e9e.<\/strong><\/p>\n<p>&nbsp;<\/p>\n<p>Les technologies \u00e0 <a href=\"https:\/\/www.carbon-removal.ch\/de\/carbon-removal-approaches\/\">\u00e9missions n\u00e9gatives<\/a> (NET) d\u00e9signent les proc\u00e9d\u00e9s qui \u00e9liminent durablement de l&rsquo;atmosph\u00e8re les gaz \u00e0 effet de serre nuisibles au climat. La r\u00e9duction des \u00e9missions de CO2 est la premi\u00e8re priorit\u00e9 dans la course contre le changement climatique. Mais pour atteindre le z\u00e9ro net malgr\u00e9 les \u00e9missions in\u00e9vitables, par exemple celles de l&rsquo;agriculture, les NET seront n\u00e9cessaires. Pour pouvoir les utiliser durablement \u00e0 grande \u00e9chelle, il faut investir rapidement dans le d\u00e9veloppement et l&rsquo;extension des NET.<\/p>\n<p>&nbsp;<\/p>\n<p>Gr\u00e2ce \u00e0 des projets de recherche et \u00e0 des entreprises innovants dans le domaine des NET, la Suisse est actuellement \u00e0 la pointe du d\u00e9veloppement et de l&rsquo;application de certains proc\u00e9d\u00e9s NET, comme la production de ciment \u00e0 teneur en carbone n\u00e9gative ou la capture directe du carbone dans l&rsquo;air. Il est impressionnant de voir que le th\u00e8me des \u00e9missions n\u00e9gatives retient d\u00e9sormais l&rsquo;attention au niveau du Conseil f\u00e9d\u00e9ral. Le 2 novembre 2021, la <a href=\"https:\/\/www.uvek.admin.ch\/uvek\/de\/home\/uvek\/bundesraetin-simonetta-sommaruga\/anlaesse\/besuche-vor-ort-klimaschutz.html#-1435233700\">conseill\u00e8re f\u00e9d\u00e9rale Simonetta Sommaruga<\/a> a visit\u00e9 la spin-off de l&rsquo;EPFZ Neustark avec une d\u00e9l\u00e9gation de politiciens, d&rsquo;administrateurs et d&rsquo;associations. Neustark \u00e9limine le CO2 de l&rsquo;atmosph\u00e8re ou directement des gaz d&rsquo;\u00e9chappement et le stocke durablement dans du b\u00e9ton recycl\u00e9. Neustark est ainsi un pionnier de la protection du climat dans le secteur de la construction, qui \u00e9met beaucoup de gaz \u00e0 effet de serre.<\/p>\n<p>&nbsp;<\/p>\n<blockquote class=\"twitter-tweet\">\n<p dir=\"ltr\" lang=\"de\">Besuch bei der Firma <a href=\"https:\/\/twitter.com\/hashtag\/Neustark?src=hash&amp;ref_src=twsrc%5Etfw\">#Neustark<\/a>, wo man <a href=\"https:\/\/twitter.com\/hashtag\/CO2?src=hash&amp;ref_src=twsrc%5Etfw\">#CO2<\/a> aus der Atmosph\u00e4re entnimmt und in <a href=\"https:\/\/twitter.com\/hashtag\/Recyclingbeton?src=hash&amp;ref_src=twsrc%5Etfw\">#Recyclingbeton<\/a> speichert. Ein innovativer und erfreulicher Beitrag zum <a href=\"https:\/\/twitter.com\/hashtag\/Klimaschutz?src=hash&amp;ref_src=twsrc%5Etfw\">#Klimaschutz<\/a>.<br \/>\nDossier: <a href=\"https:\/\/t.co\/1z4hPkG4Ik\">https:\/\/t.co\/1z4hPkG4Ik<\/a> <a href=\"https:\/\/t.co\/8YZTILSyuX\">pic.twitter.com\/8YZTILSyuX<\/a><\/p>\n<p>\u2014 Simonetta Sommaruga (@s_sommaruga) <a href=\"https:\/\/twitter.com\/s_sommaruga\/status\/1455550432399532033?ref_src=twsrc%5Etfw\">November 2, 2021<\/a><\/p><\/blockquote>\n<p>&nbsp;<\/p>\n<p>En tant que repr\u00e9sentant de la Swiss Carbon Removal Platform, Matthias Holenstein, directeur de la fondation Risiko-Dialog, a accompagn\u00e9 la d\u00e9l\u00e9gation de la conseill\u00e8re f\u00e9d\u00e9rale. Il a soulign\u00e9 l&rsquo;importance de miser sur un portefeuille diversifi\u00e9 et innovant d&rsquo;approches et de technologies pour d\u00e9velopper les \u00e9missions n\u00e9gatives. La poursuite du d\u00e9veloppement, la mise sur le march\u00e9 et la mise \u00e0 l&rsquo;\u00e9chelle de ces approches sont toutefois confront\u00e9es \u00e0 de nombreux d\u00e9fis, et il faut \u00e9galement tenir compte des risques ou des effets ind\u00e9sirables. Outre le financement de la recherche et du d\u00e9veloppement, les questions de la certification des \u00e9missions n\u00e9gatives et de la mise en place d&rsquo;une logistique fonctionnelle pour le CO2 capt\u00e9 dans l&rsquo;air &#8211; par exemple pour le transport du CO2 &#8211; sont d\u00e9cisives.<\/p>\n<p>&nbsp;<\/p>\n<p>Enfin, le public doit \u00eatre inform\u00e9 sur les potentiels, les avantages, les inconv\u00e9nients et les risques \u00e9ventuels des diff\u00e9rents proc\u00e9d\u00e9s, et un large d\u00e9bat doit \u00eatre lanc\u00e9 sur les ambigu\u00eft\u00e9s et les incertitudes correspondantes &#8211; c&rsquo;est l&rsquo;une des raisons pour lesquelles la fondation Risiko-Dialog a cr\u00e9\u00e9 la plate-forme Swiss Carbon Removal avec des acteurs de la recherche, de la politique, de l&rsquo;administration, de l&rsquo;\u00e9conomie et de la soci\u00e9t\u00e9 civile.<\/p>\n","protected":false},"excerpt":{"rendered":"<p>Notre directeur Matthias Holenstein a accompagn\u00e9 la conseill\u00e8re f\u00e9d\u00e9rale Sommaruga et une d\u00e9l\u00e9gation de politiciens lors de la visite de [&hellip;]<\/p>\n","protected":false},"author":2,"featured_media":2973,"comment_status":"closed","ping_status":"closed","sticky":false,"template":"","format":"standard","meta":{"footnotes":""},"categories":[32],"tags":[40],"class_list":["post-2975","post","type-post","status-publish","format-standard","has-post-thumbnail","hentry","category-climat-et-energie","tag-featured-fr"],"_links":{"self":[{"href":"https:\/\/www.risiko-dialog.ch\/fr\/wp-json\/wp\/v2\/posts\/2975","targetHints":{"allow":["GET"]}}],"collection":[{"href":"https:\/\/www.risiko-dialog.ch\/fr\/wp-json\/wp\/v2\/posts"}],"about":[{"href":"https:\/\/www.risiko-dialog.ch\/fr\/wp-json\/wp\/v2\/types\/post"}],"author":[{"embeddable":true,"href":"https:\/\/www.risiko-dialog.ch\/fr\/wp-json\/wp\/v2\/users\/2"}],"replies":[{"embeddable":true,"href":"https:\/\/www.risiko-dialog.ch\/fr\/wp-json\/wp\/v2\/comments?post=2975"}],"version-history":[{"count":2,"href":"https:\/\/www.risiko-dialog.ch\/fr\/wp-json\/wp\/v2\/posts\/2975\/revisions"}],"predecessor-version":[{"id":2979,"href":"https:\/\/www.risiko-dialog.ch\/fr\/wp-json\/wp\/v2\/posts\/2975\/revisions\/2979"}],"wp:featuredmedia":[{"embeddable":true,"href":"https:\/\/www.risiko-dialog.ch\/fr\/wp-json\/wp\/v2\/media\/2973"}],"wp:attachment":[{"href":"https:\/\/www.risiko-dialog.ch\/fr\/wp-json\/wp\/v2\/media?parent=2975"}],"wp:term":[{"taxonomy":"category","embeddable":true,"href":"https:\/\/www.risiko-dialog.ch\/fr\/wp-json\/wp\/v2\/categories?post=2975"},{"taxonomy":"post_tag","embeddable":true,"href":"https:\/\/www.risiko-dialog.ch\/fr\/wp-json\/wp\/v2\/tags?post=2975"}],"curies":[{"name":"wp","href":"https:\/\/api.w.org\/{rel}","templated":true}]}}